{"id":1199999,"date":"2012-04-10T12:20:57","date_gmt":"2012-04-10T10:20:57","guid":{"rendered":"http:\/\/www.aes-carton.com\/americano-jo\/?p=11"},"modified":"2024-07-31T18:28:28","modified_gmt":"2024-07-31T16:28:28","slug":"naissance","status":"publish","type":"post","link":"http:\/\/www.inlinenomad.com\/en\/2012\/04\/10\/naissance\/","title":{"rendered":"Naissance"},"content":{"rendered":"<p>Depuis plusieurs ann\u00e9es je suis anim\u00e9 par un r\u00eave que je partage avec beaucoup d&rsquo;autres de ma g\u00e9n\u00e9ration et des pr\u00e9c\u00e9dentes. Initialement le moyen d&rsquo;y parvenir \u00e9tait flou mais l&rsquo;intention bien r\u00e9elle et tout aussi forte.<\/p>\n<p style=\"text-align: justify;\">A 18 ans j&rsquo;ai su que je partirais pour un incroyable voyage autour du monde, j&rsquo;en avais d\u00e9j\u00e0 conscience. Je comptais obtenir mon bac et partir, avec ou sans argent, aller \u00e0 la rencontre du monde, des cultures et vivre d&rsquo;\u00e9changes, de g\u00e9n\u00e9rosit\u00e9 et de travail \u00e0 la sueur de mon front.<\/p>\n<p style=\"text-align: justify;\">Une fois mon bac en poche, comme pour repousser l&rsquo;\u00e9ch\u00e9ance, mais aussi et surtout par un soucis pratique, je poursuivis mes \u00e9tudes et compensa mon d\u00e9sir de d\u00e9part par des vacances en sac \u00e0 dos en guise de pr\u00e9paration.<\/p>\n<p style=\"text-align: justify;\">J&rsquo;ai beaucoup parl\u00e9 de cette volont\u00e9 autour de moi \u00e0 la recherche de conseils, de soutien, d&rsquo;id\u00e9es&#8230; Ce voyage \u00e0 pour vocation d&rsquo;\u00eatre tourn\u00e9 vers l&rsquo;\u00e9change mais il est aussi paradoxalement tr\u00e8s \u00e9go\u00efste. Il n&rsquo;a en fait d&rsquo;autre but que de satisfaire une envie de d\u00e9couverte du monde et de moi-m\u00eame, un besoin d&rsquo;accomplissement et de maturit\u00e9. Toutefois, j&rsquo;en d\u00e9die une part importante \u00e0 mon grand-p\u00e8re qui s&rsquo;est adress\u00e9 \u00e0 moi par trois fois concernant ce projet. Chacune de ses interventions ont \u00e9branl\u00e9s mes perspectives et dessins plus que toutes autres.<\/p>\n<p style=\"text-align: justify;\">Sa premi\u00e8re phrase \u00e0 l&rsquo;issue de mon baccalaur\u00e9at fut la suivante :<\/p>\n<blockquote>\n<p style=\"text-align: justify;\">\u00ab\u00a0De mani\u00e8re g\u00e9n\u00e9rale le meilleur choix est souvent le plus difficile\u00a0\u00bb.<\/p>\n<\/blockquote>\n<p style=\"text-align: justify;\">La seconde, deux ann\u00e9es plus tard :<\/p>\n<blockquote>\n<p style=\"text-align: justify;\">\u00ab\u00a0Il y a deux mani\u00e8res de partir en voyage, l&rsquo;une prend son sens dans la d\u00e9couverte, l&rsquo;autre est une fuite\u00a0\u00bb.<\/p>\n<\/blockquote>\n<p style=\"text-align: justify;\">La troisi\u00e8me, au no\u00ebl 2011 se r\u00e9sumait \u00e0 ces mots :<\/p>\n<blockquote>\n<p style=\"text-align: justify;\">\u00ab\u00a0Penses bien au but que tu comptes donner \u00e0 ton voyage, au-del\u00e0 du d\u00e9sir de d\u00e9couverte, d&rsquo;\u00e9change et de maturit\u00e9. Penses pratique\u00a0\u00bb.<\/p>\n<\/blockquote>\n<p style=\"text-align: justify;\">La date approximative de mon d\u00e9part fut fix\u00e9e l&rsquo;\u00e9t\u00e9 de ma vingti\u00e8me ann\u00e9e. J&rsquo;\u00e9tais alors avec mon meilleur ami, adoss\u00e9s \u00e0 cette colline qui m&rsquo;a vu grandir. L&rsquo;id\u00e9e du temps qui passe et de l\u2019accomplissement de nos\u00a0 r\u00eaves prenais de plus en plus de place dans nos pens\u00e9es. Ce sentiment \u00e9tait parfois m\u00eame source d&rsquo;angoisse. Ce jour l\u00e0, conscient de la force qui nous animait de part notre jeunesse et notre motivation, nous nous sommes fix\u00e9 l&rsquo;age de 25 ans pour avoir s\u00e9rieusement commenc\u00e9 la r\u00e9alisation de notre r\u00eave respectif.<\/p>\n<h4 style=\"text-align: justify;\"><strong>J&rsquo;aurais 25 ans le 13 octobre 2012.<\/strong><\/h4>","protected":false},"excerpt":{"rendered":"<p>Depuis plusieurs ann\u00e9es je suis anim\u00e9 par un r\u00eave que je partage avec beaucoup d&rsquo;autres de ma g\u00e9n\u00e9ration et des pr\u00e9c\u00e9dentes. Initialement le moyen d&rsquo;y parvenir \u00e9tait flou mais l&rsquo;intention bien r\u00e9elle et tout aussi forte.<\/p>","protected":false},"author":1,"featured_media":74700013,"comment_status":"closed","ping_status":"open","sticky":false,"template":"","format":"standard","meta":{"footnotes":""},"categories":[100],"tags":[],"class_list":["post-1199999","post","type-post","status-publish","format-standard","has-post-thumbnail","hentry","category-prepare"],"_links":{"self":[{"href":"http:\/\/www.inlinenomad.com\/en\/wp-json\/wp\/v2\/posts\/1199999"}],"collection":[{"href":"http:\/\/www.inlinenomad.com\/en\/wp-json\/wp\/v2\/posts"}],"about":[{"href":"http:\/\/www.inlinenomad.com\/en\/wp-json\/wp\/v2\/types\/post"}],"author":[{"embeddable":true,"href":"http:\/\/www.inlinenomad.com\/en\/wp-json\/wp\/v2\/users\/1"}],"replies":[{"embeddable":true,"href":"http:\/\/www.inlinenomad.com\/en\/wp-json\/wp\/v2\/comments?post=1199999"}],"version-history":[{"count":6,"href":"http:\/\/www.inlinenomad.com\/en\/wp-json\/wp\/v2\/posts\/1199999\/revisions"}],"predecessor-version":[{"id":74700155,"href":"http:\/\/www.inlinenomad.com\/en\/wp-json\/wp\/v2\/posts\/1199999\/revisions\/74700155"}],"wp:featuredmedia":[{"embeddable":true,"href":"http:\/\/www.inlinenomad.com\/en\/wp-json\/wp\/v2\/media\/74700013"}],"wp:attachment":[{"href":"http:\/\/www.inlinenomad.com\/en\/wp-json\/wp\/v2\/media?parent=1199999"}],"wp:term":[{"taxonomy":"category","embeddable":true,"href":"http:\/\/www.inlinenomad.com\/en\/wp-json\/wp\/v2\/categories?post=1199999"},{"taxonomy":"post_tag","embeddable":true,"href":"http:\/\/www.inlinenomad.com\/en\/wp-json\/wp\/v2\/tags?post=1199999"}],"curies":[{"name":"wp","href":"https:\/\/api.w.org\/{rel}","templated":true}]}}